{"id":1962,"date":"2022-09-28T19:57:49","date_gmt":"2022-09-28T19:57:49","guid":{"rendered":"https:\/\/hochzeitsfotograf-bb.de\/?p=1962"},"modified":"2022-09-28T19:58:39","modified_gmt":"2022-09-28T19:58:39","slug":"auszug-aus-der-kirche","status":"publish","type":"post","link":"https:\/\/hochzeitsfotograf-bb.de\/?p=1962","title":{"rendered":"Auszug aus der Kirche"},"content":{"rendered":"<div class=\"wp-block-image\">\n<figure class=\"aligncenter size-full is-resized\"><a href=\"https:\/\/hochzeitsfotograf-bb.de\/wp-content\/uploads\/2022\/09\/kapelle-kleinaspach-hochzeit_benjaminknoblauch.jpg\"><img loading=\"lazy\" decoding=\"async\" src=\"https:\/\/hochzeitsfotograf-bb.de\/wp-content\/uploads\/2022\/09\/kapelle-kleinaspach-hochzeit_benjaminknoblauch.jpg\" alt=\"\" class=\"wp-image-1963\" width=\"600\" height=\"900\" srcset=\"https:\/\/hochzeitsfotograf-bb.de\/wp-content\/uploads\/2022\/09\/kapelle-kleinaspach-hochzeit_benjaminknoblauch.jpg 600w, https:\/\/hochzeitsfotograf-bb.de\/wp-content\/uploads\/2022\/09\/kapelle-kleinaspach-hochzeit_benjaminknoblauch-200x300.jpg 200w\" sizes=\"auto, (max-width: 600px) 100vw, 600px\" \/><\/a><\/figure>\n<\/div>\n\n\n<p>Im Sommer war ich als Hochzeitsfotograf in Steinheim an der Murr t\u00e4tig. Nach der Trauung zog das Brautpaar aus der kleinen idyllischen Kapelle in der N\u00e4he von Steinheim an der Murr aus und wurde von den G\u00e4sten mit Seifenblasen begr\u00fc\u00dft. Nach dem Gruppenbild mit der Kapelle als Hintergrund wurde anschlie\u00dfend im Forsthof &#8211; &#8218;Mein Forsthof&#8216; gefeiert.<\/p>\n","protected":false},"excerpt":{"rendered":"<p>Im Sommer war ich als Hochzeitsfotograf in Steinheim an der Murr t\u00e4tig. Nach der Trauung zog das Brautpaar aus der kleinen idyllischen Kapelle in der&#8230;<\/p>\n<div class=\"more-link-wrapper\"><a class=\"more-link\" href=\"https:\/\/hochzeitsfotograf-bb.de\/?p=1962\">Weiterlesen<span class=\"screen-reader-text\">Auszug aus der Kirche<\/span><\/a><\/div>\n","protected":false},"author":1,"featured_media":0,"comment_status":"open","ping_status":"open","sticky":false,"template":"","format":"standard","meta":{"footnotes":""},"categories":[1],"tags":[369,115,471,153,359,469,8,472,14,473,311,316,467,470,468,195,151],"class_list":["post-1962","post","type-post","status-publish","format-standard","hentry","category-allgemein","tag-benjamin-knoblauch","tag-brautpaar","tag-forsthof","tag-freie-trauung","tag-gaeste","tag-gruppenbild","tag-hochzeit","tag-hochzeit-steinheim","tag-hochzeitsfotograf","tag-hochzeitsfotograf-forsthof","tag-hochzeitsfotograf-bb-de","tag-idyllisch","tag-kapelle","tag-mein-forsthof","tag-seifenblasen","tag-steinheim-an-der-murr","tag-trauung","ratio-natural","entry"],"_links":{"self":[{"href":"https:\/\/hochzeitsfotograf-bb.de\/index.php?rest_route=\/wp\/v2\/posts\/1962","targetHints":{"allow":["GET"]}}],"collection":[{"href":"https:\/\/hochzeitsfotograf-bb.de\/index.php?rest_route=\/wp\/v2\/posts"}],"about":[{"href":"https:\/\/hochzeitsfotograf-bb.de\/index.php?rest_route=\/wp\/v2\/types\/post"}],"author":[{"embeddable":true,"href":"https:\/\/hochzeitsfotograf-bb.de\/index.php?rest_route=\/wp\/v2\/users\/1"}],"replies":[{"embeddable":true,"href":"https:\/\/hochzeitsfotograf-bb.de\/index.php?rest_route=%2Fwp%2Fv2%2Fcomments&post=1962"}],"version-history":[{"count":2,"href":"https:\/\/hochzeitsfotograf-bb.de\/index.php?rest_route=\/wp\/v2\/posts\/1962\/revisions"}],"predecessor-version":[{"id":1965,"href":"https:\/\/hochzeitsfotograf-bb.de\/index.php?rest_route=\/wp\/v2\/posts\/1962\/revisions\/1965"}],"wp:attachment":[{"href":"https:\/\/hochzeitsfotograf-bb.de\/index.php?rest_route=%2Fwp%2Fv2%2Fmedia&parent=1962"}],"wp:term":[{"taxonomy":"category","embeddable":true,"href":"https:\/\/hochzeitsfotograf-bb.de\/index.php?rest_route=%2Fwp%2Fv2%2Fcategories&post=1962"},{"taxonomy":"post_tag","embeddable":true,"href":"https:\/\/hochzeitsfotograf-bb.de\/index.php?rest_route=%2Fwp%2Fv2%2Ftags&post=1962"}],"curies":[{"name":"wp","href":"https:\/\/api.w.org\/{rel}","templated":true}]}}